{"id":1858,"date":"2024-03-10T14:45:27","date_gmt":"2024-03-10T13:45:27","guid":{"rendered":"https:\/\/smarteritaly.agid.gov.it\/?p=1858"},"modified":"2024-04-30T14:53:23","modified_gmt":"2024-04-30T12:53:23","slug":"smarter-italy-parte-la-consultazione-preliminare-di-mercato-sullappalto-innovativo-per-la-valorizzazione-beni-culturali","status":"publish","type":"post","link":"https:\/\/smarteritaly.agid.gov.it\/index.php\/2024\/03\/10\/smarter-italy-parte-la-consultazione-preliminare-di-mercato-sullappalto-innovativo-per-la-valorizzazione-beni-culturali\/","title":{"rendered":"Smarter Italy: parte la consultazione preliminare di mercato sull\u2019appalto innovativo per la Valorizzazione beni culturali"},"content":{"rendered":"<p>L\u2019Agenzia per l\u2019Italia Digitale ha organizzato per\u00a0<strong>marted\u00ec 6 febbraio alle ore 10:30<\/strong>\u00a0l&#8217;incontro di avvio della consultazione preliminare di mercato per l\u2019appalto innovativo &#8220;<em>Sviluppo delle comunit\u00e0 territoriali attraverso la valorizzazione dei beni culturali<\/em>&#8220;, nell\u2019ambito del programma\u00a0<strong><a href=\"https:\/\/smarteritaly.agid.gov.it\/\">Smarter Italy<\/a><\/strong>.<\/p>\n<p>&nbsp;<\/p>\n<h6>La sfida<\/h6>\n<p>L\u2019obiettivo di questa \u201csfida\u201d di Smarter Italy, del valore di\u00a0<strong>10 milioni di euro<\/strong>, \u00e8 di individuare e sviluppare nuove soluzioni per la valorizzazione del patrimonio artistico e culturale che favoriscano la crescita sociale ed economica delle comunit\u00e0 territoriali periferiche, intercettando i flussi turistici che insistono soprattutto sulle grandi citt\u00e0 e siti culturali pi\u00f9 conosciuti del nostro Paese.<\/p>\n<p>&nbsp;<\/p>\n<p><strong>Un percorso di innovazione partito nel settembre 2023 che<\/strong>, nei tre incontri pubblici organizzati da AgID fino a oggi,\u00a0<strong>ha registrato la partecipazione e l\u2019interesse di oltre 700 soggetti<\/strong>, di cui il 32% PA, 10% grandi imprese, 30% PMI e startup, 12% universit\u00e0 e centri di ricerca, oltre ad associazioni, enti culturali ed ecclesiastici.<\/p>\n<p>&nbsp;<\/p>\n<p>La\u00a0<a href=\"https:\/\/appaltinnovativi.gov.it\/consultazioni\/sviluppo-delle-comunita-del-territorio-attraverso-la-valorizzazione-dei-beni-culturali\"><strong>scheda sfida<\/strong><\/a>\u00a0\u00e8 pubblicata sulla piattaforma di appalti d&#8217;innovazione Appaltinnovativi.gov, mentre le videoregistrazioni di tutti gli eventi svolti e la documentazione correlata sono pubblicate sulla relativa\u00a0<a href=\"https:\/\/appaltinnovativi.gov.it\/sviluppo-delle-comunita-del-territorio-attraverso-la-valorizzazione-dei-beni-culturali\/\"><strong>pagina diario<\/strong><\/a>.<\/p>\n<p>&nbsp;<\/p>\n<p>Per partecipare all\u2019incontro del 6 febbraio \u00e8 necessario iscriversi\u00a0<a class=\"ext\" href=\"https:\/\/events.teams.microsoft.com\/event\/47b351ab-d0d8-4c5e-9f9e-258b8aa85735@cf41f62d-8e36-400e-a835-88ea3aff5ef0\"><strong>cliccando qui<\/strong><\/a>.<\/p>\n<p>&nbsp;<\/p>\n<p>Gli operatori, siano essi imprese, universit\u00e0, centri di ricerca, enti del terzo settore, persone fisiche, etc. che sono interessati a partecipare al programma Smarter Italy e alla presente sfida, oltre a partecipare all\u2019evento, possono compilare anche il modulo di \u201c<strong><a href=\"https:\/\/survey.appaltinnovativi.gov.it\/index.php\/529871?lang=it\">manifestazione di interesse<\/a><\/strong>\u201d per poter sfruttare lo strumento del \u201cFacciamo squadra\u201d, a cui hanno gi\u00e0 aderito oltre 220 operatori economici.<\/p>\n<p>&nbsp;<\/p>\n<p>Appalti Innovativi, ne hai mai sentito parlare?\u00a0<a class=\"ext\" href=\"https:\/\/www.youtube.com\/watch?v=rbqgiVhUuVM\">Guarda il video<\/a>.<\/p>\n<p><em>Smarter Italy \u00e8 il programma di appalti innovativi promosso dal Ministero per le Imprese e il Made in Italy (Mimit), dal Ministero dell&#8217;Universit\u00e0 e della ricerca (Mur) e dal Dipartimento per la Trasformazione Digitale (DTD) che ha l\u2019obiettivo di migliorare la vita delle comunit\u00e0 e dei cittadini attraverso la sperimentazione nei territori di soluzioni tecnologiche emergenti in diversi ambiti: mobilit\u00e0, ambiente, benessere della persona e beni culturali. Il programma viene attuato dall&#8217;Agenzia per l&#8217;Italia digitale (AgID), l\u2019iniziativa \u00e8 cofinanziata dal Programma Operativo Complementare (POC) Ricerca e Innovazione 2014-2020.<\/em><\/p>\n","protected":false},"excerpt":{"rendered":"<p>L\u2019Agenzia per l\u2019Italia Digitale ha organizzato per\u00a0marted\u00ec 6 febbraio alle ore 10:30\u00a0l&#8217;incontro di avvio della consultazione preliminare di mercato per l\u2019appalto innovativo &#8220;Sviluppo delle comunit\u00e0 territoriali attraverso la valorizzazione dei beni culturali&#8220;, nell\u2019ambito del programma\u00a0Smarter Italy.<\/p>\n","protected":false},"author":1,"featured_media":1859,"comment_status":"closed","ping_status":"open","sticky":false,"template":"","format":"standard","meta":{"_uag_custom_page_level_css":"","advgb_blocks_editor_width":"","advgb_blocks_columns_visual_guide":"","footnotes":""},"categories":[528],"tags":[],"class_list":["post-1858","post","type-post","status-publish","format-standard","has-post-thumbnail","hentry","category-news"],"author_meta":{"display_name":"smarter.italy_admin","author_link":"https:\/\/smarteritaly.agid.gov.it\/index.php\/author\/smarter-italy_admin\/"},"featured_img":"https:\/\/smarteritaly.agid.gov.it\/wp-content\/uploads\/2024\/04\/smarter-italy-300x166.png","uagb_featured_image_src":{"full":["https:\/\/smarteritaly.agid.gov.it\/wp-content\/uploads\/2024\/04\/smarter-italy.png",1053,583,false],"thumbnail":["https:\/\/smarteritaly.agid.gov.it\/wp-content\/uploads\/2024\/04\/smarter-italy-150x150.png",150,150,true],"medium":["https:\/\/smarteritaly.agid.gov.it\/wp-content\/uploads\/2024\/04\/smarter-italy-300x166.png",300,166,true],"medium_large":["https:\/\/smarteritaly.agid.gov.it\/wp-content\/uploads\/2024\/04\/smarter-italy-768x425.png",768,425,true],"large":["https:\/\/smarteritaly.agid.gov.it\/wp-content\/uploads\/2024\/04\/smarter-italy-1024x567.png",1024,567,true],"1536x1536":["https:\/\/smarteritaly.agid.gov.it\/wp-content\/uploads\/2024\/04\/smarter-italy.png",1053,583,false],"2048x2048":["https:\/\/smarteritaly.agid.gov.it\/wp-content\/uploads\/2024\/04\/smarter-italy.png",1053,583,false],"gallery-preview":["https:\/\/smarteritaly.agid.gov.it\/wp-content\/uploads\/2024\/04\/smarter-italy.png",80,44,false],"post-thumbnails":["https:\/\/smarteritaly.agid.gov.it\/wp-content\/uploads\/2024\/04\/smarter-italy.png",512,283,false],"news-image":["https:\/\/smarteritaly.agid.gov.it\/wp-content\/uploads\/2024\/04\/smarter-italy.png",397,220,false],"sow-carousel-default":["https:\/\/smarteritaly.agid.gov.it\/wp-content\/uploads\/2024\/04\/smarter-italy-272x182.png",272,182,true],"sow-blog-portfolio":["https:\/\/smarteritaly.agid.gov.it\/wp-content\/uploads\/2024\/04\/smarter-italy-375x375.png",375,375,true],"sow-blog-grid":["https:\/\/smarteritaly.agid.gov.it\/wp-content\/uploads\/2024\/04\/smarter-italy-720x480.png",720,480,true],"sow-blog-alternate":["https:\/\/smarteritaly.agid.gov.it\/wp-content\/uploads\/2024\/04\/smarter-italy-950x583.png",950,583,true]},"uagb_author_info":{"display_name":"smarter.italy_admin","author_link":"https:\/\/smarteritaly.agid.gov.it\/index.php\/author\/smarter-italy_admin\/"},"uagb_comment_info":0,"uagb_excerpt":"L\u2019Agenzia per l\u2019Italia Digitale ha organizzato per\u00a0marted\u00ec 6 febbraio alle ore 10:30\u00a0l&#8217;incontro di avvio della consultazione preliminare di mercato per l\u2019appalto innovativo &#8220;Sviluppo delle comunit\u00e0 territoriali attraverso la valorizzazione dei beni culturali&#8220;, nell\u2019ambito del programma\u00a0Smarter Italy.","coauthors":[],"tax_additional":{"categories":{"linked":["<a href=\"https:\/\/smarteritaly.agid.gov.it\/index.php\/category\/news\/\" class=\"advgb-post-tax-term\">News<\/a>"],"unlinked":["<span class=\"advgb-post-tax-term\">News<\/span>"]}},"comment_count":"0","relative_dates":{"created":"Pubblicato 2 anni fa","modified":"Aggiornato 2 anni fa"},"absolute_dates":{"created":"Pubblicato il 10 Marzo 2024","modified":"Aggiornato il 30 Aprile 2024"},"absolute_dates_time":{"created":"Pubblicato il 10 Marzo 2024 14:45","modified":"Aggiornato il 30 Aprile 2024 14:53"},"featured_img_caption":"","series_order":"","rttpg_featured_image_url":{"full":["https:\/\/smarteritaly.agid.gov.it\/wp-content\/uploads\/2024\/04\/smarter-italy.png",1053,583,false],"landscape":["https:\/\/smarteritaly.agid.gov.it\/wp-content\/uploads\/2024\/04\/smarter-italy.png",1053,583,false],"portraits":["https:\/\/smarteritaly.agid.gov.it\/wp-content\/uploads\/2024\/04\/smarter-italy.png",1053,583,false],"thumbnail":["https:\/\/smarteritaly.agid.gov.it\/wp-content\/uploads\/2024\/04\/smarter-italy-150x150.png",150,150,true],"medium":["https:\/\/smarteritaly.agid.gov.it\/wp-content\/uploads\/2024\/04\/smarter-italy-300x166.png",300,166,true],"large":["https:\/\/smarteritaly.agid.gov.it\/wp-content\/uploads\/2024\/04\/smarter-italy-1024x567.png",1024,567,true],"1536x1536":["https:\/\/smarteritaly.agid.gov.it\/wp-content\/uploads\/2024\/04\/smarter-italy.png",1053,583,false],"2048x2048":["https:\/\/smarteritaly.agid.gov.it\/wp-content\/uploads\/2024\/04\/smarter-italy.png",1053,583,false],"gallery-preview":["https:\/\/smarteritaly.agid.gov.it\/wp-content\/uploads\/2024\/04\/smarter-italy.png",80,44,false],"post-thumbnails":["https:\/\/smarteritaly.agid.gov.it\/wp-content\/uploads\/2024\/04\/smarter-italy.png",512,283,false],"news-image":["https:\/\/smarteritaly.agid.gov.it\/wp-content\/uploads\/2024\/04\/smarter-italy.png",397,220,false],"sow-carousel-default":["https:\/\/smarteritaly.agid.gov.it\/wp-content\/uploads\/2024\/04\/smarter-italy-272x182.png",272,182,true],"sow-blog-portfolio":["https:\/\/smarteritaly.agid.gov.it\/wp-content\/uploads\/2024\/04\/smarter-italy-375x375.png",375,375,true],"sow-blog-grid":["https:\/\/smarteritaly.agid.gov.it\/wp-content\/uploads\/2024\/04\/smarter-italy-720x480.png",720,480,true],"sow-blog-alternate":["https:\/\/smarteritaly.agid.gov.it\/wp-content\/uploads\/2024\/04\/smarter-italy-950x583.png",950,583,true]},"rttpg_author":{"display_name":"smarter.italy_admin","author_link":"https:\/\/smarteritaly.agid.gov.it\/index.php\/author\/smarter-italy_admin\/"},"rttpg_comment":0,"rttpg_category":"<a href=\"https:\/\/smarteritaly.agid.gov.it\/index.php\/category\/news\/\" rel=\"category tag\">News<\/a>","rttpg_excerpt":"L\u2019Agenzia per l\u2019Italia Digitale ha organizzato per\u00a0marted\u00ec 6 febbraio alle ore 10:30\u00a0l&#8217;incontro di avvio della consultazione preliminare di mercato per l\u2019appalto innovativo &#8220;Sviluppo delle comunit\u00e0 territoriali attraverso la valorizzazione dei beni culturali&#8220;, nell\u2019ambito del programma\u00a0Smarter Italy.","_links":{"self":[{"href":"https:\/\/smarteritaly.agid.gov.it\/index.php\/wp-json\/wp\/v2\/posts\/1858","targetHints":{"allow":["GET"]}}],"collection":[{"href":"https:\/\/smarteritaly.agid.gov.it\/index.php\/wp-json\/wp\/v2\/posts"}],"about":[{"href":"https:\/\/smarteritaly.agid.gov.it\/index.php\/wp-json\/wp\/v2\/types\/post"}],"author":[{"embeddable":true,"href":"https:\/\/smarteritaly.agid.gov.it\/index.php\/wp-json\/wp\/v2\/users\/1"}],"replies":[{"embeddable":true,"href":"https:\/\/smarteritaly.agid.gov.it\/index.php\/wp-json\/wp\/v2\/comments?post=1858"}],"version-history":[{"count":3,"href":"https:\/\/smarteritaly.agid.gov.it\/index.php\/wp-json\/wp\/v2\/posts\/1858\/revisions"}],"predecessor-version":[{"id":1866,"href":"https:\/\/smarteritaly.agid.gov.it\/index.php\/wp-json\/wp\/v2\/posts\/1858\/revisions\/1866"}],"wp:featuredmedia":[{"embeddable":true,"href":"https:\/\/smarteritaly.agid.gov.it\/index.php\/wp-json\/wp\/v2\/media\/1859"}],"wp:attachment":[{"href":"https:\/\/smarteritaly.agid.gov.it\/index.php\/wp-json\/wp\/v2\/media?parent=1858"}],"wp:term":[{"taxonomy":"category","embeddable":true,"href":"https:\/\/smarteritaly.agid.gov.it\/index.php\/wp-json\/wp\/v2\/categories?post=1858"},{"taxonomy":"post_tag","embeddable":true,"href":"https:\/\/smarteritaly.agid.gov.it\/index.php\/wp-json\/wp\/v2\/tags?post=1858"}],"curies":[{"name":"wp","href":"https:\/\/api.w.org\/{rel}","templated":true}]}}